{"id":5110,"date":"2019-09-23T13:38:50","date_gmt":"2019-09-23T11:38:50","guid":{"rendered":"https:\/\/www.schilliger.fr\/2019\/09\/23\/schilliger-bois-sas-depuis-10-ans-sur-le-marche\/"},"modified":"2019-09-23T13:38:50","modified_gmt":"2019-09-23T11:38:50","slug":"schilliger-bois-sas-depuis-10-ans-sur-le-marche","status":"publish","type":"post","link":"https:\/\/www.schilliger.fr\/es\/2019\/09\/23\/schilliger-bois-sas-depuis-10-ans-sur-le-marche\/","title":{"rendered":"Schilliger Bois SAS: depuis 10 ans sur le march\u00e9"},"content":{"rendered":"<p>Cela fait 10 ans que l\u2019entreprise familiale suisse Schilliger Holz a repris et d\u00e9velopp\u00e9 la scierie de Volgelsheim, renfor\u00e7ant ainsi son positionnement sur les march\u00e9s europ\u00e9en et outre-Atlantique. Avec environ 150 employ\u00e9s, l\u2019entreprise fran\u00e7aise Schilliger Bois a vu ses effectifs augmenter de 20% et a diversifi\u00e9 ses activit\u00e9s et sa gamme de produits de construction en compl\u00e9ment des sciages et des bois de charpente. En particulier, une ligne de production de panneaux CLT a \u00e9t\u00e9 rajout\u00e9e. La structure du Palazzo M\u00e9ridia, un b\u00e2timent tertiaire de 9 \u00e9tages en bois, a r\u00e9cemment \u00e9t\u00e9 livr\u00e9e \u00e0 Nice par Schilliger Bois.<\/p>\n","protected":false},"excerpt":{"rendered":"<p>Cela fait 10 ans que l\u2019entreprise familiale suisse Schilliger Holz a repris et d\u00e9velopp\u00e9 la scierie de Volgelsheim, renfor\u00e7ant ainsi son positionnement sur les march\u00e9s europ\u00e9en et outre-Atlantique. Avec environ 150 employ\u00e9s, l\u2019entreprise fran\u00e7aise Schilliger Bois a vu ses effectifs augmenter de 20% et a diversifi\u00e9 ses activit\u00e9s et sa gamme de produits de construction<\/p>\n","protected":false},"author":6,"featured_media":4365,"comment_status":"open","ping_status":"open","sticky":false,"template":"","format":"standard","meta":{"footnotes":""},"categories":[60],"tags":[],"class_list":["post-5110","post","type-post","status-publish","format-standard","has-post-thumbnail","hentry","category-sin-categorizar"],"yoast_head":"<!-- This site is optimized with the Yoast SEO plugin v16.7 - https:\/\/yoast.com\/wordpress\/plugins\/seo\/ -->\n<title>Schilliger Bois SAS: depuis 10 ans sur le march\u00e9 - Schilliger France - Deutschland<\/title>\n<meta name=\"robots\" content=\"index, follow, max-snippet:-1, max-image-preview:large, max-video-preview:-1\" \/>\n<link rel=\"canonical\" href=\"https:\/\/www.schilliger.fr\/es\/2019\/09\/23\/schilliger-bois-sas-depuis-10-ans-sur-le-marche\/\" \/>\n<meta property=\"og:locale\" content=\"es_ES\" \/>\n<meta property=\"og:type\" content=\"article\" \/>\n<meta property=\"og:title\" content=\"Schilliger Bois SAS: depuis 10 ans sur le march\u00e9 - Schilliger France - Deutschland\" \/>\n<meta property=\"og:description\" content=\"Cela fait 10 ans que l\u2019entreprise familiale suisse Schilliger Holz a repris et d\u00e9velopp\u00e9 la scierie de Volgelsheim, renfor\u00e7ant ainsi son positionnement sur les march\u00e9s europ\u00e9en et outre-Atlantique. Avec environ 150 employ\u00e9s, l\u2019entreprise fran\u00e7aise Schilliger Bois a vu ses effectifs augmenter de 20% et a diversifi\u00e9 ses activit\u00e9s et sa gamme de produits de construction\" \/>\n<meta property=\"og:url\" content=\"https:\/\/www.schilliger.fr\/es\/2019\/09\/23\/schilliger-bois-sas-depuis-10-ans-sur-le-marche\/\" \/>\n<meta property=\"og:site_name\" content=\"Schilliger France - Deutschland\" \/>\n<meta property=\"article:published_time\" content=\"2019-09-23T11:38:50+00:00\" \/>\n<meta property=\"og:image\" content=\"https:\/\/www.schilliger.fr\/wp-content\/uploads\/sites\/6\/2019\/09\/Werk-mit-Hafen.jpg\" \/>\n\t<meta property=\"og:image:width\" content=\"846\" \/>\n\t<meta property=\"og:image:height\" content=\"923\" \/>\n<meta name=\"twitter:card\" content=\"summary\" \/>\n<meta name=\"twitter:label1\" content=\"Escrito por\" \/>\n\t<meta name=\"twitter:data1\" content=\"coulin\" \/>\n\t<meta name=\"twitter:label2\" content=\"Tiempo de lectura\" \/>\n\t<meta name=\"twitter:data2\" content=\"1 minuto\" \/>\n<script type=\"application\/ld+json\" class=\"yoast-schema-graph\">{\"@context\":\"https:\/\/schema.org\",\"@graph\":[{\"@type\":\"WebSite\",\"@id\":\"https:\/\/www.schilliger.fr\/es\/#website\",\"url\":\"https:\/\/www.schilliger.fr\/es\/\",\"name\":\"Schilliger France - Deutschland\",\"description\":\"\",\"potentialAction\":[{\"@type\":\"SearchAction\",\"target\":{\"@type\":\"EntryPoint\",\"urlTemplate\":\"https:\/\/www.schilliger.fr\/es\/?s={search_term_string}\"},\"query-input\":\"required name=search_term_string\"}],\"inLanguage\":\"es\"},{\"@type\":\"ImageObject\",\"@id\":\"https:\/\/www.schilliger.fr\/es\/2019\/09\/23\/schilliger-bois-sas-depuis-10-ans-sur-le-marche\/#primaryimage\",\"inLanguage\":\"es\",\"url\":\"https:\/\/www.schilliger.fr\/wp-content\/uploads\/sites\/6\/2019\/09\/Werk-mit-Hafen.jpg\",\"contentUrl\":\"https:\/\/www.schilliger.fr\/wp-content\/uploads\/sites\/6\/2019\/09\/Werk-mit-Hafen.jpg\",\"width\":846,\"height\":923},{\"@type\":\"WebPage\",\"@id\":\"https:\/\/www.schilliger.fr\/es\/2019\/09\/23\/schilliger-bois-sas-depuis-10-ans-sur-le-marche\/#webpage\",\"url\":\"https:\/\/www.schilliger.fr\/es\/2019\/09\/23\/schilliger-bois-sas-depuis-10-ans-sur-le-marche\/\",\"name\":\"Schilliger Bois SAS: depuis 10 ans sur le march\\u00e9 - Schilliger France - Deutschland\",\"isPartOf\":{\"@id\":\"https:\/\/www.schilliger.fr\/es\/#website\"},\"primaryImageOfPage\":{\"@id\":\"https:\/\/www.schilliger.fr\/es\/2019\/09\/23\/schilliger-bois-sas-depuis-10-ans-sur-le-marche\/#primaryimage\"},\"datePublished\":\"2019-09-23T11:38:50+00:00\",\"dateModified\":\"2019-09-23T11:38:50+00:00\",\"author\":{\"@id\":\"https:\/\/www.schilliger.fr\/es\/#\/schema\/person\/8e789bfebdc5b14575e42734d94962e4\"},\"breadcrumb\":{\"@id\":\"https:\/\/www.schilliger.fr\/es\/2019\/09\/23\/schilliger-bois-sas-depuis-10-ans-sur-le-marche\/#breadcrumb\"},\"inLanguage\":\"es\",\"potentialAction\":[{\"@type\":\"ReadAction\",\"target\":[\"https:\/\/www.schilliger.fr\/es\/2019\/09\/23\/schilliger-bois-sas-depuis-10-ans-sur-le-marche\/\"]}]},{\"@type\":\"BreadcrumbList\",\"@id\":\"https:\/\/www.schilliger.fr\/es\/2019\/09\/23\/schilliger-bois-sas-depuis-10-ans-sur-le-marche\/#breadcrumb\",\"itemListElement\":[{\"@type\":\"ListItem\",\"position\":1,\"name\":\"Accueil\",\"item\":\"https:\/\/www.schilliger.fr\/es\/\"},{\"@type\":\"ListItem\",\"position\":2,\"name\":\"Schilliger Bois SAS: depuis 10 ans sur le march\\u00e9\"}]},{\"@type\":\"Person\",\"@id\":\"https:\/\/www.schilliger.fr\/es\/#\/schema\/person\/8e789bfebdc5b14575e42734d94962e4\",\"name\":\"coulin\",\"url\":\"https:\/\/www.schilliger.fr\/es\/author\/coulin\/\"}]}<\/script>\n<!-- \/ Yoast SEO plugin. -->","yoast_head_json":{"title":"Schilliger Bois SAS: depuis 10 ans sur le march\u00e9 - Schilliger France - Deutschland","robots":{"index":"index","follow":"follow","max-snippet":"max-snippet:-1","max-image-preview":"max-image-preview:large","max-video-preview":"max-video-preview:-1"},"canonical":"https:\/\/www.schilliger.fr\/es\/2019\/09\/23\/schilliger-bois-sas-depuis-10-ans-sur-le-marche\/","og_locale":"es_ES","og_type":"article","og_title":"Schilliger Bois SAS: depuis 10 ans sur le march\u00e9 - Schilliger France - Deutschland","og_description":"Cela fait 10 ans que l\u2019entreprise familiale suisse Schilliger Holz a repris et d\u00e9velopp\u00e9 la scierie de Volgelsheim, renfor\u00e7ant ainsi son positionnement sur les march\u00e9s europ\u00e9en et outre-Atlantique. Avec environ 150 employ\u00e9s, l\u2019entreprise fran\u00e7aise Schilliger Bois a vu ses effectifs augmenter de 20% et a diversifi\u00e9 ses activit\u00e9s et sa gamme de produits de construction","og_url":"https:\/\/www.schilliger.fr\/es\/2019\/09\/23\/schilliger-bois-sas-depuis-10-ans-sur-le-marche\/","og_site_name":"Schilliger France - Deutschland","article_published_time":"2019-09-23T11:38:50+00:00","og_image":[{"width":846,"height":923,"url":"https:\/\/www.schilliger.fr\/wp-content\/uploads\/sites\/6\/2019\/09\/Werk-mit-Hafen.jpg","path":"\/home\/schillig\/public_html\/wp-content\/uploads\/sites\/6\/2019\/09\/Werk-mit-Hafen.jpg","size":"full","id":4365,"alt":"","pixels":780858,"type":"image\/jpeg"}],"twitter_card":"summary","twitter_misc":{"Escrito por":"coulin","Tiempo de lectura":"1 minuto"},"schema":{"@context":"https:\/\/schema.org","@graph":[{"@type":"WebSite","@id":"https:\/\/www.schilliger.fr\/es\/#website","url":"https:\/\/www.schilliger.fr\/es\/","name":"Schilliger France - Deutschland","description":"","potentialAction":[{"@type":"SearchAction","target":{"@type":"EntryPoint","urlTemplate":"https:\/\/www.schilliger.fr\/es\/?s={search_term_string}"},"query-input":"required name=search_term_string"}],"inLanguage":"es"},{"@type":"ImageObject","@id":"https:\/\/www.schilliger.fr\/es\/2019\/09\/23\/schilliger-bois-sas-depuis-10-ans-sur-le-marche\/#primaryimage","inLanguage":"es","url":"https:\/\/www.schilliger.fr\/wp-content\/uploads\/sites\/6\/2019\/09\/Werk-mit-Hafen.jpg","contentUrl":"https:\/\/www.schilliger.fr\/wp-content\/uploads\/sites\/6\/2019\/09\/Werk-mit-Hafen.jpg","width":846,"height":923},{"@type":"WebPage","@id":"https:\/\/www.schilliger.fr\/es\/2019\/09\/23\/schilliger-bois-sas-depuis-10-ans-sur-le-marche\/#webpage","url":"https:\/\/www.schilliger.fr\/es\/2019\/09\/23\/schilliger-bois-sas-depuis-10-ans-sur-le-marche\/","name":"Schilliger Bois SAS: depuis 10 ans sur le march\u00e9 - Schilliger France - Deutschland","isPartOf":{"@id":"https:\/\/www.schilliger.fr\/es\/#website"},"primaryImageOfPage":{"@id":"https:\/\/www.schilliger.fr\/es\/2019\/09\/23\/schilliger-bois-sas-depuis-10-ans-sur-le-marche\/#primaryimage"},"datePublished":"2019-09-23T11:38:50+00:00","dateModified":"2019-09-23T11:38:50+00:00","author":{"@id":"https:\/\/www.schilliger.fr\/es\/#\/schema\/person\/8e789bfebdc5b14575e42734d94962e4"},"breadcrumb":{"@id":"https:\/\/www.schilliger.fr\/es\/2019\/09\/23\/schilliger-bois-sas-depuis-10-ans-sur-le-marche\/#breadcrumb"},"inLanguage":"es","potentialAction":[{"@type":"ReadAction","target":["https:\/\/www.schilliger.fr\/es\/2019\/09\/23\/schilliger-bois-sas-depuis-10-ans-sur-le-marche\/"]}]},{"@type":"BreadcrumbList","@id":"https:\/\/www.schilliger.fr\/es\/2019\/09\/23\/schilliger-bois-sas-depuis-10-ans-sur-le-marche\/#breadcrumb","itemListElement":[{"@type":"ListItem","position":1,"name":"Accueil","item":"https:\/\/www.schilliger.fr\/es\/"},{"@type":"ListItem","position":2,"name":"Schilliger Bois SAS: depuis 10 ans sur le march\u00e9"}]},{"@type":"Person","@id":"https:\/\/www.schilliger.fr\/es\/#\/schema\/person\/8e789bfebdc5b14575e42734d94962e4","name":"coulin","url":"https:\/\/www.schilliger.fr\/es\/author\/coulin\/"}]}},"_links":{"self":[{"href":"https:\/\/www.schilliger.fr\/es\/wp-json\/wp\/v2\/posts\/5110","targetHints":{"allow":["GET"]}}],"collection":[{"href":"https:\/\/www.schilliger.fr\/es\/wp-json\/wp\/v2\/posts"}],"about":[{"href":"https:\/\/www.schilliger.fr\/es\/wp-json\/wp\/v2\/types\/post"}],"author":[{"embeddable":true,"href":"https:\/\/www.schilliger.fr\/es\/wp-json\/wp\/v2\/users\/6"}],"replies":[{"embeddable":true,"href":"https:\/\/www.schilliger.fr\/es\/wp-json\/wp\/v2\/comments?post=5110"}],"version-history":[{"count":0,"href":"https:\/\/www.schilliger.fr\/es\/wp-json\/wp\/v2\/posts\/5110\/revisions"}],"wp:featuredmedia":[{"embeddable":true,"href":"https:\/\/www.schilliger.fr\/es\/wp-json\/wp\/v2\/media\/4365"}],"wp:attachment":[{"href":"https:\/\/www.schilliger.fr\/es\/wp-json\/wp\/v2\/media?parent=5110"}],"wp:term":[{"taxonomy":"category","embeddable":true,"href":"https:\/\/www.schilliger.fr\/es\/wp-json\/wp\/v2\/categories?post=5110"},{"taxonomy":"post_tag","embeddable":true,"href":"https:\/\/www.schilliger.fr\/es\/wp-json\/wp\/v2\/tags?post=5110"}],"curies":[{"name":"wp","href":"https:\/\/api.w.org\/{rel}","templated":true}]}}