{"id":5100,"date":"2021-08-26T13:24:52","date_gmt":"2021-08-26T11:24:52","guid":{"rendered":"https:\/\/www.schilliger.fr\/2021\/08\/26\/nouveau-production-de-panneaux-en-fibres-de-bois\/"},"modified":"2026-02-24T15:44:31","modified_gmt":"2026-02-24T14:44:31","slug":"nouveau-production-de-panneaux-en-fibres-de-bois","status":"publish","type":"post","link":"https:\/\/www.schilliger.fr\/es\/2021\/08\/26\/nouveau-production-de-panneaux-en-fibres-de-bois\/","title":{"rendered":"Un producto dos en uno"},"content":{"rendered":"<div class=\"fusion-fullwidth fullwidth-box fusion-builder-row-1 nonhundred-percent-fullwidth non-hundred-percent-height-scrolling\" style=\"--awb-border-radius-top-left:0px;--awb-border-radius-top-right:0px;--awb-border-radius-bottom-right:0px;--awb-border-radius-bottom-left:0px;--awb-padding-bottom:0px;--awb-padding-left:0px;--awb-margin-top:0px;--awb-margin-bottom:0px;--awb-flex-wrap:wrap;\" ><div class=\"fusion-builder-row fusion-row\"><div class=\"fusion-layout-column fusion_builder_column fusion-builder-column-0 fusion_builder_column_1_3 1_3 fusion-one-third fusion-column-first\" style=\"--awb-padding-right:20px;--awb-bg-size:cover;--awb-margin-bottom:100px;width:33.333333333333%;width:calc(33.333333333333% - ( ( 4% ) * 0.33333333333333 ) );margin-right: 4%;\"><div class=\"fusion-column-wrapper fusion-column-has-shadow fusion-flex-column-wrapper-legacy\"><div class=\"fusion-text fusion-text-1\" style=\"--awb-text-transform:none;\"><p>CL-THERM combina estructura y aislamiento en un solo elemento. Para ello, las l\u00e1minas y los paneles aislantes de fibra de madera se pegan lateralmente para formar paneles combinados monocapa. Los paneles CL-THERM est\u00e1n destinados a un uso est\u00e1tico como muros de carga en nuevas construcciones o ampliaciones. Tambi\u00e9n pueden utilizarse como elementos de fachada autoportantes y aislados.<\/p>\n<p>&nbsp;<\/p>\n<\/div><div class=\"fusion-button-wrapper\"><a class=\"fusion-button button-flat fusion-button-default-size button-default fusion-button-default button-1 fusion-button-default-span fusion-button-default-type\" target=\"_self\" href=\"https:\/\/www.schilliger.fr\/wp-content\/uploads\/sites\/6\/2026\/01\/Schilliger-Bois-CL-Therm-EN-WEB-small.pdf\"><span class=\"fusion-button-text awb-button__text awb-button__text--default\">Folleto (in ingles)<\/span><\/a><\/div><div class=\"fusion-clearfix\"><\/div><\/div><\/div><\/div><\/div>\n","protected":false},"excerpt":{"rendered":"","protected":false},"author":6,"featured_media":14323,"comment_status":"open","ping_status":"open","sticky":false,"template":"","format":"image","meta":{"footnotes":""},"categories":[60],"tags":[],"class_list":["post-5100","post","type-post","status-publish","format-image","has-post-thumbnail","hentry","category-sin-categorizar","post_format-post-format-image"],"yoast_head":"<!-- This site is optimized with the Yoast SEO plugin v16.7 - https:\/\/yoast.com\/wordpress\/plugins\/seo\/ -->\n<title>Un producto dos en uno - Schilliger France - Deutschland<\/title>\n<meta name=\"robots\" content=\"index, follow, max-snippet:-1, max-image-preview:large, max-video-preview:-1\" \/>\n<link rel=\"canonical\" href=\"https:\/\/www.schilliger.fr\/es\/2021\/08\/26\/nouveau-production-de-panneaux-en-fibres-de-bois\/\" \/>\n<meta property=\"og:locale\" content=\"es_ES\" \/>\n<meta property=\"og:type\" content=\"article\" \/>\n<meta property=\"og:title\" content=\"Un producto dos en uno - Schilliger France - Deutschland\" \/>\n<meta property=\"og:url\" content=\"https:\/\/www.schilliger.fr\/es\/2021\/08\/26\/nouveau-production-de-panneaux-en-fibres-de-bois\/\" \/>\n<meta property=\"og:site_name\" content=\"Schilliger France - Deutschland\" \/>\n<meta property=\"article:published_time\" content=\"2021-08-26T11:24:52+00:00\" \/>\n<meta property=\"article:modified_time\" content=\"2026-02-24T14:44:31+00:00\" \/>\n<meta property=\"og:image\" content=\"https:\/\/www.schilliger.fr\/wp-content\/uploads\/sites\/6\/2026\/02\/IMG_5410-2-scaled.jpg\" \/>\n\t<meta property=\"og:image:width\" content=\"2560\" \/>\n\t<meta property=\"og:image:height\" content=\"1920\" \/>\n<meta name=\"twitter:card\" content=\"summary\" \/>\n<meta name=\"twitter:label1\" content=\"Escrito por\" \/>\n\t<meta name=\"twitter:data1\" content=\"coulin\" \/>\n\t<meta name=\"twitter:label2\" content=\"Tiempo de lectura\" \/>\n\t<meta name=\"twitter:data2\" content=\"2 minutos\" \/>\n<script type=\"application\/ld+json\" class=\"yoast-schema-graph\">{\"@context\":\"https:\/\/schema.org\",\"@graph\":[{\"@type\":\"WebSite\",\"@id\":\"https:\/\/www.schilliger.fr\/es\/#website\",\"url\":\"https:\/\/www.schilliger.fr\/es\/\",\"name\":\"Schilliger France - Deutschland\",\"description\":\"\",\"potentialAction\":[{\"@type\":\"SearchAction\",\"target\":{\"@type\":\"EntryPoint\",\"urlTemplate\":\"https:\/\/www.schilliger.fr\/es\/?s={search_term_string}\"},\"query-input\":\"required name=search_term_string\"}],\"inLanguage\":\"es\"},{\"@type\":\"ImageObject\",\"@id\":\"https:\/\/www.schilliger.fr\/es\/2021\/08\/26\/nouveau-production-de-panneaux-en-fibres-de-bois\/#primaryimage\",\"inLanguage\":\"es\",\"url\":\"https:\/\/www.schilliger.fr\/wp-content\/uploads\/sites\/6\/2026\/02\/IMG_5410-2-scaled.jpg\",\"contentUrl\":\"https:\/\/www.schilliger.fr\/wp-content\/uploads\/sites\/6\/2026\/02\/IMG_5410-2-scaled.jpg\",\"width\":2560,\"height\":1920},{\"@type\":\"WebPage\",\"@id\":\"https:\/\/www.schilliger.fr\/es\/2021\/08\/26\/nouveau-production-de-panneaux-en-fibres-de-bois\/#webpage\",\"url\":\"https:\/\/www.schilliger.fr\/es\/2021\/08\/26\/nouveau-production-de-panneaux-en-fibres-de-bois\/\",\"name\":\"Un producto dos en uno - Schilliger France - Deutschland\",\"isPartOf\":{\"@id\":\"https:\/\/www.schilliger.fr\/es\/#website\"},\"primaryImageOfPage\":{\"@id\":\"https:\/\/www.schilliger.fr\/es\/2021\/08\/26\/nouveau-production-de-panneaux-en-fibres-de-bois\/#primaryimage\"},\"datePublished\":\"2021-08-26T11:24:52+00:00\",\"dateModified\":\"2026-02-24T14:44:31+00:00\",\"author\":{\"@id\":\"https:\/\/www.schilliger.fr\/es\/#\/schema\/person\/8e789bfebdc5b14575e42734d94962e4\"},\"breadcrumb\":{\"@id\":\"https:\/\/www.schilliger.fr\/es\/2021\/08\/26\/nouveau-production-de-panneaux-en-fibres-de-bois\/#breadcrumb\"},\"inLanguage\":\"es\",\"potentialAction\":[{\"@type\":\"ReadAction\",\"target\":[\"https:\/\/www.schilliger.fr\/es\/2021\/08\/26\/nouveau-production-de-panneaux-en-fibres-de-bois\/\"]}]},{\"@type\":\"BreadcrumbList\",\"@id\":\"https:\/\/www.schilliger.fr\/es\/2021\/08\/26\/nouveau-production-de-panneaux-en-fibres-de-bois\/#breadcrumb\",\"itemListElement\":[{\"@type\":\"ListItem\",\"position\":1,\"name\":\"Accueil\",\"item\":\"https:\/\/www.schilliger.fr\/es\/\"},{\"@type\":\"ListItem\",\"position\":2,\"name\":\"Un producto dos en uno\"}]},{\"@type\":\"Person\",\"@id\":\"https:\/\/www.schilliger.fr\/es\/#\/schema\/person\/8e789bfebdc5b14575e42734d94962e4\",\"name\":\"coulin\",\"url\":\"https:\/\/www.schilliger.fr\/es\/author\/coulin\/\"}]}<\/script>\n<!-- \/ Yoast SEO plugin. -->","yoast_head_json":{"title":"Un producto dos en uno - Schilliger France - Deutschland","robots":{"index":"index","follow":"follow","max-snippet":"max-snippet:-1","max-image-preview":"max-image-preview:large","max-video-preview":"max-video-preview:-1"},"canonical":"https:\/\/www.schilliger.fr\/es\/2021\/08\/26\/nouveau-production-de-panneaux-en-fibres-de-bois\/","og_locale":"es_ES","og_type":"article","og_title":"Un producto dos en uno - Schilliger France - Deutschland","og_url":"https:\/\/www.schilliger.fr\/es\/2021\/08\/26\/nouveau-production-de-panneaux-en-fibres-de-bois\/","og_site_name":"Schilliger France - Deutschland","article_published_time":"2021-08-26T11:24:52+00:00","article_modified_time":"2026-02-24T14:44:31+00:00","og_image":[{"width":2560,"height":1920,"filesize":307515,"url":"https:\/\/www.schilliger.fr\/wp-content\/uploads\/sites\/6\/2026\/02\/IMG_5410-2-scaled.jpg","path":"\/home\/schillig\/public_html\/wp-content\/uploads\/sites\/6\/2026\/02\/IMG_5410-2-scaled.jpg","size":"full","id":14323,"alt":"","pixels":4915200,"type":"image\/jpeg"}],"twitter_card":"summary","twitter_misc":{"Escrito por":"coulin","Tiempo de lectura":"2 minutos"},"schema":{"@context":"https:\/\/schema.org","@graph":[{"@type":"WebSite","@id":"https:\/\/www.schilliger.fr\/es\/#website","url":"https:\/\/www.schilliger.fr\/es\/","name":"Schilliger France - Deutschland","description":"","potentialAction":[{"@type":"SearchAction","target":{"@type":"EntryPoint","urlTemplate":"https:\/\/www.schilliger.fr\/es\/?s={search_term_string}"},"query-input":"required name=search_term_string"}],"inLanguage":"es"},{"@type":"ImageObject","@id":"https:\/\/www.schilliger.fr\/es\/2021\/08\/26\/nouveau-production-de-panneaux-en-fibres-de-bois\/#primaryimage","inLanguage":"es","url":"https:\/\/www.schilliger.fr\/wp-content\/uploads\/sites\/6\/2026\/02\/IMG_5410-2-scaled.jpg","contentUrl":"https:\/\/www.schilliger.fr\/wp-content\/uploads\/sites\/6\/2026\/02\/IMG_5410-2-scaled.jpg","width":2560,"height":1920},{"@type":"WebPage","@id":"https:\/\/www.schilliger.fr\/es\/2021\/08\/26\/nouveau-production-de-panneaux-en-fibres-de-bois\/#webpage","url":"https:\/\/www.schilliger.fr\/es\/2021\/08\/26\/nouveau-production-de-panneaux-en-fibres-de-bois\/","name":"Un producto dos en uno - Schilliger France - Deutschland","isPartOf":{"@id":"https:\/\/www.schilliger.fr\/es\/#website"},"primaryImageOfPage":{"@id":"https:\/\/www.schilliger.fr\/es\/2021\/08\/26\/nouveau-production-de-panneaux-en-fibres-de-bois\/#primaryimage"},"datePublished":"2021-08-26T11:24:52+00:00","dateModified":"2026-02-24T14:44:31+00:00","author":{"@id":"https:\/\/www.schilliger.fr\/es\/#\/schema\/person\/8e789bfebdc5b14575e42734d94962e4"},"breadcrumb":{"@id":"https:\/\/www.schilliger.fr\/es\/2021\/08\/26\/nouveau-production-de-panneaux-en-fibres-de-bois\/#breadcrumb"},"inLanguage":"es","potentialAction":[{"@type":"ReadAction","target":["https:\/\/www.schilliger.fr\/es\/2021\/08\/26\/nouveau-production-de-panneaux-en-fibres-de-bois\/"]}]},{"@type":"BreadcrumbList","@id":"https:\/\/www.schilliger.fr\/es\/2021\/08\/26\/nouveau-production-de-panneaux-en-fibres-de-bois\/#breadcrumb","itemListElement":[{"@type":"ListItem","position":1,"name":"Accueil","item":"https:\/\/www.schilliger.fr\/es\/"},{"@type":"ListItem","position":2,"name":"Un producto dos en uno"}]},{"@type":"Person","@id":"https:\/\/www.schilliger.fr\/es\/#\/schema\/person\/8e789bfebdc5b14575e42734d94962e4","name":"coulin","url":"https:\/\/www.schilliger.fr\/es\/author\/coulin\/"}]}},"_links":{"self":[{"href":"https:\/\/www.schilliger.fr\/es\/wp-json\/wp\/v2\/posts\/5100","targetHints":{"allow":["GET"]}}],"collection":[{"href":"https:\/\/www.schilliger.fr\/es\/wp-json\/wp\/v2\/posts"}],"about":[{"href":"https:\/\/www.schilliger.fr\/es\/wp-json\/wp\/v2\/types\/post"}],"author":[{"embeddable":true,"href":"https:\/\/www.schilliger.fr\/es\/wp-json\/wp\/v2\/users\/6"}],"replies":[{"embeddable":true,"href":"https:\/\/www.schilliger.fr\/es\/wp-json\/wp\/v2\/comments?post=5100"}],"version-history":[{"count":4,"href":"https:\/\/www.schilliger.fr\/es\/wp-json\/wp\/v2\/posts\/5100\/revisions"}],"predecessor-version":[{"id":14337,"href":"https:\/\/www.schilliger.fr\/es\/wp-json\/wp\/v2\/posts\/5100\/revisions\/14337"}],"wp:featuredmedia":[{"embeddable":true,"href":"https:\/\/www.schilliger.fr\/es\/wp-json\/wp\/v2\/media\/14323"}],"wp:attachment":[{"href":"https:\/\/www.schilliger.fr\/es\/wp-json\/wp\/v2\/media?parent=5100"}],"wp:term":[{"taxonomy":"category","embeddable":true,"href":"https:\/\/www.schilliger.fr\/es\/wp-json\/wp\/v2\/categories?post=5100"},{"taxonomy":"post_tag","embeddable":true,"href":"https:\/\/www.schilliger.fr\/es\/wp-json\/wp\/v2\/tags?post=5100"}],"curies":[{"name":"wp","href":"https:\/\/api.w.org\/{rel}","templated":true}]}}