{"id":2119,"date":"2019-09-18T16:39:22","date_gmt":"2019-09-18T14:39:22","guid":{"rendered":"http:\/\/www.schilliger.fr\/?p=2119\/"},"modified":"2019-09-18T16:41:49","modified_gmt":"2019-09-18T14:41:49","slug":"10-jahre-stark-am-markt","status":"publish","type":"post","link":"https:\/\/www.schilliger.fr\/de\/2019\/09\/18\/10-jahre-stark-am-markt\/","title":{"rendered":"10 Jahre stark am Markt"},"content":{"rendered":"<p>Vor einer Dekade hat Schilliger Holz AG aus der Schweiz das S\u00e4gewerk Volgelsheim \u00fcbernommen und stetig weiterentwickelt. Mit Kompetenz und Innovationsgeist konnte das Unternehmen seine Marktposition in Europa und \u00dcbersee festigen und den Personalbestand in Volgelsheim um zwanzig Prozent auf rund 150 Mitarbeitende erh\u00f6hen. So hat sich ds Unternehmen von einem Produzenten von Schnittholz und Konstruktionsholz zu einem diversifizierten Holzindustrieunternehmen entwickelt. Neu hinzugekommen ist insbesondere ein leistungsf\u00e4higes Plattenwerk. Ein aktuelles Referenzobjekt ist der Palazzo Meridia in Nizza, ein neunst\u00f6ckiges B\u00fcrogeb\u00e4ude mit einem bedeutenden Holzanteil.<\/p>\n","protected":false},"excerpt":{"rendered":"<p>Vor einer Dekade hat Schilliger Holz AG aus der Schweiz das S\u00e4gewerk Volgelsheim \u00fcbernommen und stetig weiterentwickelt. Mit Kompetenz und Innovationsgeist konnte das Unternehmen seine Marktposition in Europa und \u00dcbersee festigen und den Personalbestand in Volgelsheim um zwanzig Prozent auf rund 150 Mitarbeitende erh\u00f6hen. So hat sich ds Unternehmen von einem Produzenten von Schnittholz und<\/p>\n","protected":false},"author":6,"featured_media":2121,"comment_status":"open","ping_status":"open","sticky":false,"template":"","format":"standard","meta":{"footnotes":""},"categories":[1],"tags":[],"class_list":["post-2119","post","type-post","status-publish","format-standard","has-post-thumbnail","hentry","category-non-classe"],"yoast_head":"<!-- This site is optimized with the Yoast SEO plugin v16.7 - https:\/\/yoast.com\/wordpress\/plugins\/seo\/ -->\n<title>10 Jahre stark am Markt - Schilliger France - Deutschland<\/title>\n<meta name=\"robots\" content=\"index, follow, max-snippet:-1, max-image-preview:large, max-video-preview:-1\" \/>\n<link rel=\"canonical\" href=\"https:\/\/www.schilliger.fr\/de\/2019\/09\/18\/10-jahre-stark-am-markt\/\" \/>\n<meta property=\"og:locale\" content=\"de_DE\" \/>\n<meta property=\"og:type\" content=\"article\" \/>\n<meta property=\"og:title\" content=\"10 Jahre stark am Markt - Schilliger France - Deutschland\" \/>\n<meta property=\"og:description\" content=\"Vor einer Dekade hat Schilliger Holz AG aus der Schweiz das S\u00e4gewerk Volgelsheim \u00fcbernommen und stetig weiterentwickelt. Mit Kompetenz und Innovationsgeist konnte das Unternehmen seine Marktposition in Europa und \u00dcbersee festigen und den Personalbestand in Volgelsheim um zwanzig Prozent auf rund 150 Mitarbeitende erh\u00f6hen. So hat sich ds Unternehmen von einem Produzenten von Schnittholz und\" \/>\n<meta property=\"og:url\" content=\"https:\/\/www.schilliger.fr\/de\/2019\/09\/18\/10-jahre-stark-am-markt\/\" \/>\n<meta property=\"og:site_name\" content=\"Schilliger France - Deutschland\" \/>\n<meta property=\"article:published_time\" content=\"2019-09-18T14:39:22+00:00\" \/>\n<meta property=\"article:modified_time\" content=\"2019-09-18T14:41:49+00:00\" \/>\n<meta property=\"og:image\" content=\"https:\/\/www.schilliger.fr\/wp-content\/uploads\/sites\/6\/2019\/09\/Volgelsheim-Werk-1024x683.jpg\" \/>\n\t<meta property=\"og:image:width\" content=\"1024\" \/>\n\t<meta property=\"og:image:height\" content=\"683\" \/>\n<meta name=\"twitter:card\" content=\"summary\" \/>\n<meta name=\"twitter:label1\" content=\"Verfasst von\" \/>\n\t<meta name=\"twitter:data1\" content=\"coulin\" \/>\n<script type=\"application\/ld+json\" class=\"yoast-schema-graph\">{\"@context\":\"https:\/\/schema.org\",\"@graph\":[{\"@type\":\"WebSite\",\"@id\":\"https:\/\/www.schilliger.fr\/de\/#website\",\"url\":\"https:\/\/www.schilliger.fr\/de\/\",\"name\":\"Schilliger France - Deutschland\",\"description\":\"\",\"potentialAction\":[{\"@type\":\"SearchAction\",\"target\":{\"@type\":\"EntryPoint\",\"urlTemplate\":\"https:\/\/www.schilliger.fr\/de\/?s={search_term_string}\"},\"query-input\":\"required name=search_term_string\"}],\"inLanguage\":\"de\"},{\"@type\":\"ImageObject\",\"@id\":\"https:\/\/www.schilliger.fr\/de\/2019\/09\/18\/10-jahre-stark-am-markt\/#primaryimage\",\"inLanguage\":\"de\",\"url\":\"https:\/\/www.schilliger.fr\/wp-content\/uploads\/sites\/6\/2019\/09\/Volgelsheim-Werk.jpg\",\"contentUrl\":\"https:\/\/www.schilliger.fr\/wp-content\/uploads\/sites\/6\/2019\/09\/Volgelsheim-Werk.jpg\",\"width\":4272,\"height\":2848},{\"@type\":\"WebPage\",\"@id\":\"https:\/\/www.schilliger.fr\/de\/2019\/09\/18\/10-jahre-stark-am-markt\/#webpage\",\"url\":\"https:\/\/www.schilliger.fr\/de\/2019\/09\/18\/10-jahre-stark-am-markt\/\",\"name\":\"10 Jahre stark am Markt - Schilliger France - Deutschland\",\"isPartOf\":{\"@id\":\"https:\/\/www.schilliger.fr\/de\/#website\"},\"primaryImageOfPage\":{\"@id\":\"https:\/\/www.schilliger.fr\/de\/2019\/09\/18\/10-jahre-stark-am-markt\/#primaryimage\"},\"datePublished\":\"2019-09-18T14:39:22+00:00\",\"dateModified\":\"2019-09-18T14:41:49+00:00\",\"author\":{\"@id\":\"https:\/\/www.schilliger.fr\/de\/#\/schema\/person\/8e789bfebdc5b14575e42734d94962e4\"},\"breadcrumb\":{\"@id\":\"https:\/\/www.schilliger.fr\/de\/2019\/09\/18\/10-jahre-stark-am-markt\/#breadcrumb\"},\"inLanguage\":\"de\",\"potentialAction\":[{\"@type\":\"ReadAction\",\"target\":[\"https:\/\/www.schilliger.fr\/de\/2019\/09\/18\/10-jahre-stark-am-markt\/\"]}]},{\"@type\":\"BreadcrumbList\",\"@id\":\"https:\/\/www.schilliger.fr\/de\/2019\/09\/18\/10-jahre-stark-am-markt\/#breadcrumb\",\"itemListElement\":[{\"@type\":\"ListItem\",\"position\":1,\"name\":\"Accueil\",\"item\":\"https:\/\/www.schilliger.fr\/de\/\"},{\"@type\":\"ListItem\",\"position\":2,\"name\":\"10 Jahre stark am Markt\"}]},{\"@type\":\"Person\",\"@id\":\"https:\/\/www.schilliger.fr\/de\/#\/schema\/person\/8e789bfebdc5b14575e42734d94962e4\",\"name\":\"coulin\",\"url\":\"https:\/\/www.schilliger.fr\/de\/author\/coulin\/\"}]}<\/script>\n<!-- \/ Yoast SEO plugin. -->","yoast_head_json":{"title":"10 Jahre stark am Markt - Schilliger France - Deutschland","robots":{"index":"index","follow":"follow","max-snippet":"max-snippet:-1","max-image-preview":"max-image-preview:large","max-video-preview":"max-video-preview:-1"},"canonical":"https:\/\/www.schilliger.fr\/de\/2019\/09\/18\/10-jahre-stark-am-markt\/","og_locale":"de_DE","og_type":"article","og_title":"10 Jahre stark am Markt - Schilliger France - Deutschland","og_description":"Vor einer Dekade hat Schilliger Holz AG aus der Schweiz das S\u00e4gewerk Volgelsheim \u00fcbernommen und stetig weiterentwickelt. Mit Kompetenz und Innovationsgeist konnte das Unternehmen seine Marktposition in Europa und \u00dcbersee festigen und den Personalbestand in Volgelsheim um zwanzig Prozent auf rund 150 Mitarbeitende erh\u00f6hen. So hat sich ds Unternehmen von einem Produzenten von Schnittholz und","og_url":"https:\/\/www.schilliger.fr\/de\/2019\/09\/18\/10-jahre-stark-am-markt\/","og_site_name":"Schilliger France - Deutschland","article_published_time":"2019-09-18T14:39:22+00:00","article_modified_time":"2019-09-18T14:41:49+00:00","og_image":[{"width":1024,"height":683,"path":"2019\/09\/Volgelsheim-Werk-1024x683.jpg","url":"https:\/\/www.schilliger.fr\/wp-content\/uploads\/sites\/6\/2019\/09\/Volgelsheim-Werk-1024x683.jpg","size":"large","id":2121,"alt":"","pixels":699392,"type":"image\/jpeg"}],"twitter_card":"summary","twitter_misc":{"Verfasst von":"coulin"},"schema":{"@context":"https:\/\/schema.org","@graph":[{"@type":"WebSite","@id":"https:\/\/www.schilliger.fr\/de\/#website","url":"https:\/\/www.schilliger.fr\/de\/","name":"Schilliger France - Deutschland","description":"","potentialAction":[{"@type":"SearchAction","target":{"@type":"EntryPoint","urlTemplate":"https:\/\/www.schilliger.fr\/de\/?s={search_term_string}"},"query-input":"required name=search_term_string"}],"inLanguage":"de"},{"@type":"ImageObject","@id":"https:\/\/www.schilliger.fr\/de\/2019\/09\/18\/10-jahre-stark-am-markt\/#primaryimage","inLanguage":"de","url":"https:\/\/www.schilliger.fr\/wp-content\/uploads\/sites\/6\/2019\/09\/Volgelsheim-Werk.jpg","contentUrl":"https:\/\/www.schilliger.fr\/wp-content\/uploads\/sites\/6\/2019\/09\/Volgelsheim-Werk.jpg","width":4272,"height":2848},{"@type":"WebPage","@id":"https:\/\/www.schilliger.fr\/de\/2019\/09\/18\/10-jahre-stark-am-markt\/#webpage","url":"https:\/\/www.schilliger.fr\/de\/2019\/09\/18\/10-jahre-stark-am-markt\/","name":"10 Jahre stark am Markt - Schilliger France - Deutschland","isPartOf":{"@id":"https:\/\/www.schilliger.fr\/de\/#website"},"primaryImageOfPage":{"@id":"https:\/\/www.schilliger.fr\/de\/2019\/09\/18\/10-jahre-stark-am-markt\/#primaryimage"},"datePublished":"2019-09-18T14:39:22+00:00","dateModified":"2019-09-18T14:41:49+00:00","author":{"@id":"https:\/\/www.schilliger.fr\/de\/#\/schema\/person\/8e789bfebdc5b14575e42734d94962e4"},"breadcrumb":{"@id":"https:\/\/www.schilliger.fr\/de\/2019\/09\/18\/10-jahre-stark-am-markt\/#breadcrumb"},"inLanguage":"de","potentialAction":[{"@type":"ReadAction","target":["https:\/\/www.schilliger.fr\/de\/2019\/09\/18\/10-jahre-stark-am-markt\/"]}]},{"@type":"BreadcrumbList","@id":"https:\/\/www.schilliger.fr\/de\/2019\/09\/18\/10-jahre-stark-am-markt\/#breadcrumb","itemListElement":[{"@type":"ListItem","position":1,"name":"Accueil","item":"https:\/\/www.schilliger.fr\/de\/"},{"@type":"ListItem","position":2,"name":"10 Jahre stark am Markt"}]},{"@type":"Person","@id":"https:\/\/www.schilliger.fr\/de\/#\/schema\/person\/8e789bfebdc5b14575e42734d94962e4","name":"coulin","url":"https:\/\/www.schilliger.fr\/de\/author\/coulin\/"}]}},"_links":{"self":[{"href":"https:\/\/www.schilliger.fr\/de\/wp-json\/wp\/v2\/posts\/2119","targetHints":{"allow":["GET"]}}],"collection":[{"href":"https:\/\/www.schilliger.fr\/de\/wp-json\/wp\/v2\/posts"}],"about":[{"href":"https:\/\/www.schilliger.fr\/de\/wp-json\/wp\/v2\/types\/post"}],"author":[{"embeddable":true,"href":"https:\/\/www.schilliger.fr\/de\/wp-json\/wp\/v2\/users\/6"}],"replies":[{"embeddable":true,"href":"https:\/\/www.schilliger.fr\/de\/wp-json\/wp\/v2\/comments?post=2119"}],"version-history":[{"count":1,"href":"https:\/\/www.schilliger.fr\/de\/wp-json\/wp\/v2\/posts\/2119\/revisions"}],"predecessor-version":[{"id":2120,"href":"https:\/\/www.schilliger.fr\/de\/wp-json\/wp\/v2\/posts\/2119\/revisions\/2120"}],"wp:featuredmedia":[{"embeddable":true,"href":"https:\/\/www.schilliger.fr\/de\/wp-json\/wp\/v2\/media\/2121"}],"wp:attachment":[{"href":"https:\/\/www.schilliger.fr\/de\/wp-json\/wp\/v2\/media?parent=2119"}],"wp:term":[{"taxonomy":"category","embeddable":true,"href":"https:\/\/www.schilliger.fr\/de\/wp-json\/wp\/v2\/categories?post=2119"},{"taxonomy":"post_tag","embeddable":true,"href":"https:\/\/www.schilliger.fr\/de\/wp-json\/wp\/v2\/tags?post=2119"}],"curies":[{"name":"wp","href":"https:\/\/api.w.org\/{rel}","templated":true}]}}